{"id":281,"date":"2020-06-25T12:36:44","date_gmt":"2020-06-25T10:36:44","guid":{"rendered":"https:\/\/www.f-borowski.de\/?p=281"},"modified":"2020-06-25T12:36:44","modified_gmt":"2020-06-25T10:36:44","slug":"bis-15-07-2020-foerderpreis-the-power-of-the-arts","status":"publish","type":"post","link":"https:\/\/www.f-borowski.de\/?p=281","title":{"rendered":"Bis 15.07.2020: F\u00f6rderpreis The Power of the Arts"},"content":{"rendered":"<p>Bewerben k\u00f6nnen sich alle gemeinn\u00fctzigen Institutionen und Initiativen in Deutschland, die sich mit Projekten der kulturellen<br \/>\nBildung, Kunst und Kultur f\u00fcr die Teilhabe aller Menschen an einem vielf\u00e4ltigen gesellschaftlichen Leben einsetzen, unabh\u00e4ngig<br \/>\nvon ihren strukturellen, sozialen und kulturellen Hintergr\u00fcnden. Auf die angespannte finanzielle Situation vieler Tr\u00e4ger der<br \/>\nKulturellen Bildung reagiert The Power of the Arts mit einer Neuerung: Statt das Preisgeld von insgesamt 200.000 Euro wie bisher<br \/>\nauf vier Preistr\u00e4ger*innen zu verteilen, werden in diesem Jahr zehn Projekte mit je 20.000 Euro unterst\u00fctzt.<br \/>\nWeitere Informationen unter: https:\/\/www.thepowerofthearts.de\/<\/p>\n","protected":false},"excerpt":{"rendered":"<p>Bewerben k\u00f6nnen sich alle gemeinn\u00fctzigen Institutionen und Initiativen in Deutschland, die sich mit Projekten der kulturellen Bildung, Kunst und Kultur f\u00fcr die Teilhabe aller Menschen an einem vielf\u00e4ltigen gesellschaftlichen Leben einsetzen, unabh\u00e4ngig von ihren strukturellen, sozialen und kulturellen Hintergr\u00fcnden. Auf die angespannte finanzielle Situation vieler Tr\u00e4ger der Kulturellen Bildung reagiert The Power of the Arts<\/p>\n<p class=\"text-right\"><span class=\"screen-reader-text\">Continue Reading&#8230; Bis 15.07.2020: F\u00f6rderpreis The Power of the Arts<\/span><a class=\"btn btn-secondary continue-reading\" href=\"https:\/\/www.f-borowski.de\/?p=281\">Continue Reading&#8230;<\/a><\/p>\n","protected":false},"author":1,"featured_media":0,"comment_status":"open","ping_status":"open","sticky":false,"template":"","format":"standard","meta":{"footnotes":""},"categories":[8],"tags":[],"class_list":["post-281","post","type-post","status-publish","format-standard","hentry","category-auch-interessant"],"_links":{"self":[{"href":"https:\/\/www.f-borowski.de\/index.php?rest_route=\/wp\/v2\/posts\/281","targetHints":{"allow":["GET"]}}],"collection":[{"href":"https:\/\/www.f-borowski.de\/index.php?rest_route=\/wp\/v2\/posts"}],"about":[{"href":"https:\/\/www.f-borowski.de\/index.php?rest_route=\/wp\/v2\/types\/post"}],"author":[{"embeddable":true,"href":"https:\/\/www.f-borowski.de\/index.php?rest_route=\/wp\/v2\/users\/1"}],"replies":[{"embeddable":true,"href":"https:\/\/www.f-borowski.de\/index.php?rest_route=%2Fwp%2Fv2%2Fcomments&post=281"}],"version-history":[{"count":1,"href":"https:\/\/www.f-borowski.de\/index.php?rest_route=\/wp\/v2\/posts\/281\/revisions"}],"predecessor-version":[{"id":282,"href":"https:\/\/www.f-borowski.de\/index.php?rest_route=\/wp\/v2\/posts\/281\/revisions\/282"}],"wp:attachment":[{"href":"https:\/\/www.f-borowski.de\/index.php?rest_route=%2Fwp%2Fv2%2Fmedia&parent=281"}],"wp:term":[{"taxonomy":"category","embeddable":true,"href":"https:\/\/www.f-borowski.de\/index.php?rest_route=%2Fwp%2Fv2%2Fcategories&post=281"},{"taxonomy":"post_tag","embeddable":true,"href":"https:\/\/www.f-borowski.de\/index.php?rest_route=%2Fwp%2Fv2%2Ftags&post=281"}],"curies":[{"name":"wp","href":"https:\/\/api.w.org\/{rel}","templated":true}]}}